[{"@context":"https:\/\/schema.org\/","@type":"Article","@id":"https:\/\/www.loscut.cz\/konferencni-stolky\/#Article","mainEntityOfPage":"https:\/\/www.loscut.cz\/konferencni-stolky\/","headline":"Konferen\u010dn\u00ed stolky","name":"Konferen\u010dn\u00ed stolky","description":"Konferen\u010dn\u00ed stolek je d\u016fle\u017eit\u00fdm prvkem v interi\u00e9ru. Nejv\u00edce je vyu\u017e\u00edv\u00e1n v ob\u00fdvac\u00edch pokoj\u00edch, ale m\u016f\u017eeme ho d\u00e1t i do jak\u00e9koliv jin\u00e9 m\u00edstnosti. Pou\u017eijeme ho zkr\u00e1tka","datePublished":"2021-09-02","dateModified":"2021-09-02","author":{"@type":"Person","@id":"https:\/\/www.loscut.cz\/author\/#Person","name":"","url":"https:\/\/www.loscut.cz\/author\/","identifier":1,"image":{"@type":"ImageObject","@id":"https:\/\/secure.gravatar.com\/avatar\/9bbe1b3bd68cf5b616cc697a459b86e3be4df6c120806baf939f8aad94b0a3d6?s=96&d=mm&r=g","url":"https:\/\/secure.gravatar.com\/avatar\/9bbe1b3bd68cf5b616cc697a459b86e3be4df6c120806baf939f8aad94b0a3d6?s=96&d=mm&r=g","height":96,"width":96}},"publisher":{"@type":"Organization","name":"loscut.cz","logo":{"@type":"ImageObject","@id":"\/logo.png","url":"\/logo.png","width":600,"height":60}},"image":{"@type":"ImageObject","@id":"https:\/\/www.loscut.cz\/wp-content\/uploads\/masivn%C3%AD%20konf.%20stolek.jpg","url":"https:\/\/www.loscut.cz\/wp-content\/uploads\/masivn%C3%AD%20konf.%20stolek.jpg","height":0,"width":0},"url":"https:\/\/www.loscut.cz\/konferencni-stolky\/","about":["Spole\u010dnost"],"wordCount":441,"articleBody":"      Konferen\u010dn\u00ed stolek je d\u016fle\u017eit\u00fdm prvkem v interi\u00e9ru. Nejv\u00edce je vyu\u017e\u00edv\u00e1n v ob\u00fdvac\u00edch pokoj\u00edch, ale m\u016f\u017eeme ho d\u00e1t i do jak\u00e9koliv jin\u00e9 m\u00edstnosti. Pou\u017eijeme ho zkr\u00e1tka tam, kde si pot\u0159ebujeme n\u011bco odlo\u017eit, nap\u0159. \u010dasopis nebo knihu, hrnek s k\u00e1vou&#8230; D\u00e1 se pou\u017e\u00edt i k vystaven\u00ed nejr\u016fzn\u011bj\u0161\u00edch dekorac\u00ed, sv\u00ed\u010dek apod.Firmy dnes nab\u00edzej\u00ed konferen\u010dn\u00ed stolky r\u016fzn\u00fdch materi\u00e1l\u016f i barev. Z\u00e1le\u017e\u00ed na na\u0161em vkusu, co si vybereme. V\u011bt\u0161inou se \u0159\u00edd\u00edme podle toho, v jak\u00e9m stylu m\u00e1me za\u0159\u00edzen\u00fd pokoj. Tak\u00e9 m\u016f\u017eeme zohlednit to, jestli u n\u011bj budeme i j\u00edst nebo n\u00e1m bude slou\u017eit jen k odkl\u00e1d\u00e1n\u00ed v\u011bc\u00ed. M\u016f\u017eeme zvolit klasick\u00fd kulat\u00fd, hranat\u00fd nebo r\u016fzn\u00fdch atypick\u00fdch tvar\u016f. Materi\u00e1l nej\u010dast\u011bji vyb\u00edr\u00e1me masiv, lamino, d\u00fdhu nebo sklo. Poj\u010fme se bl\u00ed\u017ee pod\u00edvat na v\u00fdhody i nev\u00fdhody t\u011bchto materi\u00e1l\u016f.Masiv \u2013 obecn\u011b plat\u00ed, \u017ee n\u00e1bytek z p\u0159\u00edrodn\u00edho d\u0159eva je pevn\u00fd a odoln\u00fd, m\u00e1 dlouhou \u017eivotnost, proto\u017ee se hned tak nerozvikl\u00e1. \u010c\u00edm tvrd\u0161\u00ed d\u0159evo zvol\u00edme, t\u00edm bude n\u00e1bytek odoln\u011bj\u0161\u00ed proti po\u0161kr\u00e1b\u00e1n\u00ed a od\u011brk\u00e1m. Nev\u00fdhodou je vy\u0161\u0161\u00ed cena i to, \u017ee d\u0159evo neust\u00e1le pracuje a m\u016f\u017ee v pr\u016fb\u011bhu let tmavnout nebo sv\u011btlat. Lamino \u2013 je d\u0159evot\u0159\u00edska polepen\u00e1 speci\u00e1ln\u011b upraven\u00fdm pap\u00edrem. V\u00fdhodou je, \u017ee se d\u00e1 vyrobit v r\u016fzn\u00fdch dez\u00e9nech a dekorech. Cena b\u00fdv\u00e1 p\u0159\u00edzniv\u00e1. Nev\u00fdhodou je, \u017ee se hrany po n\u011bjak\u00e9 dob\u011b mohou odlepovat, zvl\u00e1\u0161\u0165 pokud jsou u\u017e z v\u00fdroby nekvalitn\u011b p\u0159ipevn\u011bny.D\u00fdha \u2013 n\u00e1bytek vznik\u00e1 tak, \u017ee se na d\u0159evot\u0159\u00edsku nalep\u00ed jako vrchn\u00ed vrstva pl\u00e1t z masivu. V\u00fdsledn\u00e1 cena je tedy levn\u011bj\u0161\u00ed ne\u017e u masivu. Nev\u00fdhodou m\u016f\u017ee b\u00fdt odlupov\u00e1n\u00ed vrstvy d\u00fdhy od podkladu.Sklo \u2013 hod\u00ed se do mal\u00e9ho prostoru, proto\u017ee p\u016fsob\u00ed vzdu\u0161n\u011b a lze ho kombinovat s jak\u00fdmkoliv typem n\u00e1bytku. Hod\u00ed se ke d\u0159evu i kovu. Nev\u00fdhodou m\u016f\u017ee b\u00fdt n\u00e1ro\u010dn\u011bj\u0161\u00ed \u00fadr\u017eba, proto\u017ee zde budou vid\u011bt v\u0161echny otisky prst\u016f, sklenic, tal\u00ed\u0159\u016f. Je tak\u00e9 n\u00e1chyln\u011bj\u0161\u00ed k po\u0161kr\u00e1b\u00e1n\u00ed.V\u011b\u0159\u00edme, \u017ee m\u00e1te ji\u017e trochu jasno v materi\u00e1lech a \u017ee zvol\u00edte ten prav\u00fd konferen\u010dn\u00ed stolek pro v\u00e1s.                                                                                                                                                                                                                                                                                                                                                                                                 "},{"@context":"https:\/\/schema.org\/","@type":"BreadcrumbList","itemListElement":[{"@type":"ListItem","position":1,"name":"Konferen\u010dn\u00ed stolky","item":"https:\/\/www.loscut.cz\/konferencni-stolky\/#breadcrumbitem"}]}]