[{"@context":"https:\/\/schema.org\/","@type":"Article","@id":"https:\/\/www.loscut.cz\/krasne-kuchyne\/#Article","mainEntityOfPage":"https:\/\/www.loscut.cz\/krasne-kuchyne\/","headline":"Kr\u00e1sn\u00e9 kuchyn\u011b","name":"Kr\u00e1sn\u00e9 kuchyn\u011b","description":"Pokud tak\u00e9 uva\u017eujete o n\u011bjak\u00e9 p\u0159estavb\u011b anebo n\u011bjak\u00e9 rekonstrukci, tak mysl\u00edm, \u017ee budete tak\u00e9 pot\u0159ebovat opravdu kr\u00e1snou novou kuchy\u0148. Ka\u017ed\u00fd \u010dlov\u011bk by cht\u011bl kr\u00e1snou modern\u00ed","datePublished":"2024-10-19","dateModified":"2024-10-19","author":{"@type":"Person","@id":"https:\/\/www.loscut.cz\/author\/#Person","name":"","url":"https:\/\/www.loscut.cz\/author\/","identifier":1,"image":{"@type":"ImageObject","@id":"https:\/\/secure.gravatar.com\/avatar\/9bbe1b3bd68cf5b616cc697a459b86e3be4df6c120806baf939f8aad94b0a3d6?s=96&d=mm&r=g","url":"https:\/\/secure.gravatar.com\/avatar\/9bbe1b3bd68cf5b616cc697a459b86e3be4df6c120806baf939f8aad94b0a3d6?s=96&d=mm&r=g","height":96,"width":96}},"publisher":{"@type":"Organization","name":"loscut.cz","logo":{"@type":"ImageObject","@id":"\/logo.png","url":"\/logo.png","width":600,"height":60}},"image":{"@type":"ImageObject","@id":"https:\/\/www.loscut.cz\/wp-content\/uploads\/woman-3723444_1280_1.jpg","url":"https:\/\/www.loscut.cz\/wp-content\/uploads\/woman-3723444_1280_1.jpg","height":0,"width":0},"url":"https:\/\/www.loscut.cz\/krasne-kuchyne\/","about":["Nakupov\u00e1n\u00ed"],"wordCount":411,"articleBody":"      Pokud tak\u00e9 uva\u017eujete o n\u011bjak\u00e9 p\u0159estavb\u011b anebo n\u011bjak\u00e9 rekonstrukci, tak mysl\u00edm, \u017ee budete tak\u00e9 pot\u0159ebovat opravdu kr\u00e1snou novou kuchy\u0148. Ka\u017ed\u00fd \u010dlov\u011bk by cht\u011bl kr\u00e1snou modern\u00ed kuchy\u0148, jenom\u017ee n\u011bkdy je to pro n\u011bkter\u00e9ho \u010dlov\u011bka slo\u017eit\u00e9, aby si vybral n\u011bjakou kuchy\u0148, se kterou bude spokojen\u00fd. Proto na webov\u00fdch str\u00e1nk\u00e1ch najdete r\u016fzn\u00e9 odkazy. Anebo r\u016fzn\u00e9 obr\u00e1zky, jak va\u0161e kuchy\u0148 by tak\u00e9 mohla vypadat. Modern\u00ed kuchyn\u011b Glanckuchyne.cz jsou v posledn\u00ed dob\u011b velice obl\u00edben\u00e9. Mysl\u00edm si, \u017ee ka\u017ed\u00fd \u010dlov\u011bk by cht\u011bl m\u00edt v\u017edycky n\u011bco modern\u00edho anebo p\u011bkn\u00e9ho, co se mu doma bude vyj\u00edmat. M\u016f\u017eete m\u00edt tak\u00e9 vestav\u011bn\u00e9 sk\u0159\u00edn\u011b nebo vestav\u011bnou kuchy\u0148. A kdy\u017e budete m\u00edt vestav\u011bnou kuchy\u0148, tak si tak\u00e9 samoz\u0159ejm\u011b m\u016f\u017eete po\u0159\u00eddit vestav\u011bn\u00e9 spot\u0159ebi\u010de, nap\u0159\u00edklad vestav\u011bnou ledni\u010dku nebo vestav\u011bnou troubu a podobn\u011b. To my s partnerem, kdy\u017e jsme se st\u011bhovali do velk\u00e9ho domu z mal\u00e9ho bytu, tak jsme tak\u00e9 cht\u011bli m\u00edt n\u011bco, co n\u00e1m bude vyhovovat. Cht\u011bli jsme m\u00edt tak\u00e9 modern\u00ed kuchy\u0148, cht\u011bli jsme m\u00edt kr\u00e1snou kuchyni, stejn\u011b tak jako ob\u00fdv\u00e1k. Ob\u00fdv\u00e1k jsme m\u011bli od interi\u00e9rov\u00e9ho design\u00e9ra, a je\u0161t\u011b jsme si zavolali interi\u00e9rov\u00e9ho design\u00e9ra na modern\u00ed kuchyn\u011b.Necht\u011bli jsme jenom tak n\u011bco oby\u010dejn\u00e9ho, ale cht\u011bli jsme kr\u00e1snou modern\u00ed kuchyni. Kamar\u00e1dka mi \u0159\u00edkala, \u017ee m\u00e1 \u00fapln\u011b oby\u010dejnou kuchyni a \u017ee je s n\u00ed opravdu maxim\u00e1ln\u011b spokojen\u00e1. My bychom taky ur\u010dit\u011b byli spokojeni, ale kdy\u017e m\u00e1me pen\u00edze, kdy\u017e m\u00e1me opravdu p\u011bkn\u00e9 v\u00fdplaty, tak pro\u010d bychom si nemohli dovolit n\u011bjakou kr\u00e1snou modern\u00ed kuchyni? Mysl\u00edm si, \u017ee je opravdu hodn\u011b lid\u00ed, \u017ee kdy\u017e maj\u00ed na to pen\u00edze, \u017ee si po\u0159\u00edd\u00ed kr\u00e1snou modern\u00ed kuchy\u0148, tohle jsem cht\u011bla i j\u00e1 a m\u011bli jsme docela i velik\u00fd rozpo\u010det. A s partnerem jsme si \u0159ekli, \u017ee si d\u00e1me jednozna\u010dn\u011b n\u011bjakou kr\u00e1snou vestav\u011bnou kuchy\u0148 a k tomu pr\u00e1v\u011b zm\u00edn\u011bn\u00e9 vestav\u011bn\u00e9 spot\u0159ebi\u010de. Mysl\u00edm si, \u017ee by s t\u00edm byl opravdu ka\u017ed\u00fd spokojen\u00fd. Cenov\u011b je to vy\u0161\u0161\u00ed, ale modern\u00ed.                                                                                                                                                                                                                                                                                                                                                                                                  "},{"@context":"https:\/\/schema.org\/","@type":"BreadcrumbList","itemListElement":[{"@type":"ListItem","position":1,"name":"Kr\u00e1sn\u00e9 kuchyn\u011b","item":"https:\/\/www.loscut.cz\/krasne-kuchyne\/#breadcrumbitem"}]}]