[{"@context":"https:\/\/schema.org\/","@type":"Article","@id":"https:\/\/www.loscut.cz\/letos-k-mori-nejedete\/#Article","mainEntityOfPage":"https:\/\/www.loscut.cz\/letos-k-mori-nejedete\/","headline":"Letos k mo\u0159i nejedete?","name":"Letos k mo\u0159i nejedete?","description":"Cestujete r\u00e1di? Kam r\u00e1di jezd\u00edte, https:\/\/www.cmo.mercedes-moravia.cz\/cs\/desktop\/passenger-cars\/financial-services\/leasing-products\/operativni-leasing-osobni-vozidla.html je to zahrani\u010d\u00ed nebo se dr\u017e\u00edte v \u010cesk\u00e9 republice? Neud\u011bl\u00e1te chybu ani v jednom p\u0159\u00edpad\u011b. I \u010cesk\u00e1 Republika m\u00e1","datePublished":"2023-06-21","dateModified":"2023-07-24","author":{"@type":"Person","@id":"https:\/\/www.loscut.cz\/author\/#Person","name":"","url":"https:\/\/www.loscut.cz\/author\/","identifier":1,"image":{"@type":"ImageObject","@id":"https:\/\/secure.gravatar.com\/avatar\/9bbe1b3bd68cf5b616cc697a459b86e3be4df6c120806baf939f8aad94b0a3d6?s=96&d=mm&r=g","url":"https:\/\/secure.gravatar.com\/avatar\/9bbe1b3bd68cf5b616cc697a459b86e3be4df6c120806baf939f8aad94b0a3d6?s=96&d=mm&r=g","height":96,"width":96}},"publisher":{"@type":"Organization","name":"loscut.cz","logo":{"@type":"ImageObject","@id":"\/logo.png","url":"\/logo.png","width":600,"height":60}},"image":{"@type":"ImageObject","@id":"https:\/\/www.loscut.cz\/wp-content\/uploads\/jeseniky-g92492a9fb_640_1.jpg","url":"https:\/\/www.loscut.cz\/wp-content\/uploads\/jeseniky-g92492a9fb_640_1.jpg","height":0,"width":0},"url":"https:\/\/www.loscut.cz\/letos-k-mori-nejedete\/","about":["Spole\u010dnosti"],"wordCount":430,"articleBody":"      Cestujete r\u00e1di? Kam r\u00e1di jezd\u00edte, https:\/\/www.cmo.mercedes-moravia.cz\/cs\/desktop\/passenger-cars\/financial-services\/leasing-products\/operativni-leasing-osobni-vozidla.html  je to zahrani\u010d\u00ed nebo se dr\u017e\u00edte v \u010cesk\u00e9 republice? Neud\u011bl\u00e1te chybu ani v jednom p\u0159\u00edpad\u011b. I \u010cesk\u00e1 Republika m\u00e1 mnoho n\u00e1dhern\u00fdch m\u00edst. Vyzna\u010dujeme se t\u00edm, \u017ee zde m\u00e1me skute\u010dn\u011b n\u00e1dhernou p\u0159\u00edrodu, spoustu kulturn\u00edch pam\u00e1tek, velmi dobrou gastronomii a tak by byla \u0161koda na\u0161i zem nepoznat v\u00edc. N\u011bkdo m\u00e1 rad\u011bji mo\u0159e a slunce, ale kdy\u017e n\u011bkdo nesn\u00e1\u0161\u00ed vedra, bude se dr\u017eet sp\u00ed\u0161e zde. I tady m\u016f\u017eete pro\u017e\u00edt kr\u00e1snou dovolenou, jen mus\u00edte v\u011bd\u011bt kam vyrazit. Jednou z mo\u017enost\u00ed jsou hory. \u0158\u00edk\u00e1te si, pro\u010d jezdit na hory v l\u00e9t\u011b?Na hor\u00e1ch se zabav\u00edte nejen v zim\u011b. Hory nab\u00edzej\u00ed kr\u00e1snou p\u0159\u00edrodu, m\u016f\u017eete se vydat stezkami na kolech, kolob\u011b\u017ek\u00e1ch, m\u016f\u017eete se v\u011bnovat p\u011b\u0161\u00ed turistice, wellnessu, a m\u016f\u017eete jezdit po okol\u00ed a nav\u0161t\u011bvovat m\u011bsta a m\u00edsta, kter\u00e1 zat\u00edm nezn\u00e1te. Tento typ dovolen\u00e9 je vhodn\u00fd i pro mal\u00e9 d\u011bti, tak\u017ee ur\u010dit\u011b nebudete litovat, \u017ee jste si vybrali dovolenou v tuzemsku. Skv\u011bl\u00fdm c\u00edlem b\u00fdvaj\u00ed pro turisty Jesen\u00edky. Chcete nav\u0161t\u00edvit na\u0161e obl\u00edben\u00e9 hory? Pokud budete hledat n\u011bjak\u00e9 levn\u00e9 ubytov\u00e1n\u00ed Jesen\u00edky, zkuste se pod\u00edvat na to, co v\u00e1m nab\u00edz\u00ed apartm\u00e1ny Max.Je to hezk\u00e9 a \u010dist\u00e9 prost\u0159ed\u00ed, kde se ubytov\u00e1vaj\u00ed rodiny s d\u011btmi. Nemus\u00edte se b\u00e1t, \u017ee p\u016fjde o zanedban\u00fd penzion. Opak je pravdou. Je to natolik obl\u00edben\u00e9 m\u00edsto, \u017ee je pot\u0159eba si jej rezervovat p\u0159edem.Proto\u017ee v\u0161echno hodn\u011b zdra\u017eilo, mnoho lid\u00ed rad\u011bji vol\u00ed dovolenou v tuzemsku nebo v okoln\u00edch st\u00e1tech. U\u017e ani ta dovolen\u00e1 v Chorvatsku nen\u00ed co b\u00fdvala, proto\u017ee i tam prob\u011bhlo velk\u00e9 zdra\u017eov\u00e1n\u00ed, a tak si drah\u00e9 dovolen\u00e9 spousta \u010cech\u016f rad\u011bji odpust\u00ed. Nen\u00ed nic \u0161patn\u00e9ho na tom b\u00fdt o dovolen\u00e9 \u201cdoma\u201d a nejezdit k mo\u0159i. Pokud se v\u00e1m na hor\u00e1ch bude v l\u00e9t\u011b l\u00edbit, m\u016f\u017eete na nich str\u00e1vit t\u0159eba Silvestra a Nov\u00fd rok. Pr\u00e1v\u011b v tuto dobu je o hory nejv\u011bt\u0161\u00ed z\u00e1jem, a tak je pot\u0159eba si term\u00edny rezervovat \u010dasto u\u017e te\u010f v l\u00e9t\u011b, aby na v\u00e1s zbyla m\u00edsta.                                                                                                                                                                                                                                                                                                                                                                                                  "},{"@context":"https:\/\/schema.org\/","@type":"BreadcrumbList","itemListElement":[{"@type":"ListItem","position":1,"name":"Letos k mo\u0159i nejedete?","item":"https:\/\/www.loscut.cz\/letos-k-mori-nejedete\/#breadcrumbitem"}]}]